{"id":1014,"date":"2018-10-25T11:59:08","date_gmt":"2018-10-25T08:59:08","guid":{"rendered":"https:\/\/ambalkuwait.esteri.it\/news\/dall_ambasciata\/2018\/10\/18ma-settimana-della-lingua-italiana\/"},"modified":"2018-10-25T11:59:08","modified_gmt":"2018-10-25T08:59:08","slug":"18ma-settimana-della-lingua-italiana","status":"publish","type":"post","link":"https:\/\/ambalkuwait.esteri.it\/it\/news\/dall_ambasciata\/2018\/10\/18ma-settimana-della-lingua-italiana\/","title":{"rendered":"18MA SETTIMANA DELLA LINGUA ITALIANA NEL MONDO"},"content":{"rendered":"<p style=\"text-align: justify;\">Dal 15 al 21 ottobre si e\u2019 tenuta la 18esima edizione della Settimana della lingua italiana nel mondo. Il tema di quest\u2019anno \u00e8 stato<strong><em>\u201cL&#8217;italiano e la rete, le reti per l&#8217;italiano\u201d<\/em><\/strong>, in cui si e\u2019 riflettuto sull\u2019influenza che l\u2019avvento del web e delle nuove tecnologie digitali hanno avuto sia sulla nostra lingua che sulle modalit\u00e0 di comunicazione, approfondendo i legami e le influenze tra la lingua italiana, il mondo della rete internet, le nuove tecnologie dell\u2019informazione e della comunicazione sociale, incluse le piattaforme sociali. Il progetto rimette al centro l\u2019importanza delle parole attraverso un percorso che parte dal proprio ambito di azione. L\u2019iniziativa \u00e8 stata curata dall\u2019Istituto Europeo del Design (IED).<\/p>\n<p style=\"text-align: justify;\">Come ogni anno, l&#8217;Accademia della Crusca in collaborazione con la casa editrice goWare ha realizzato un volume, curato da Giuseppe Patota e Fabio Rossi, dedicato al tema della Settimana della Lingua italiana. <a href=\"http:\/\/www.goware-apps.com\/litaliano-e-la-rete-le-reti-per-litaliano-giuseppe-patota-fabio-rossi-a-cura-di\/\"><strong><em>(maggiori informazioni qui).<\/em><\/strong><\/a>\n<\/p>\n<p style=\"text-align: justify;\">Si ricorda che online e\u2019 possibile accedere gratuitamente all\u2019App <em><strong>\u201cItaliAmo\u201d<\/strong><\/em>, un corso di lingua e cultura italiana di livello <strong>A1<\/strong> attualmente disponibile in lingua <strong>inglese<\/strong>, <strong>tedesca<\/strong> e <strong>cinese<\/strong>. Il corso, realizzato dalla Direzione Generale per la Promozione del Sistema Paese del Ministero degli Affari Esteri e della Cooperazione Internazionale, in collaborazione con l\u2019IED, \u00e8 strutturato in 10 tappe ambientate in altrettante 10 citt\u00e0 e regioni italiane ed \u00e8 costruito come un vero e proprio viaggio interattivo alla scoperta dell\u2019Italia.<\/p>\n<p style=\"text-align: justify;\">\u00a0Per scaricare l&#8217;app su Android <em><strong>>> <a href=\"https:\/\/play.google.com\/store\/apps\/details?id=com.italia.ovosodo\">clicca qui<\/a><\/strong><\/em>\n<\/p>\n<p style=\"text-align: justify;\">\u00a0Per scaricare l&#8217;app su iOS <em><strong>>><\/strong><\/em><em><strong> <a href=\"https:\/\/itunes.apple.com\/it\/app\/italiamo\/id1341662965?l=en&#038;mt=8\">clicca qui<\/a><\/strong><\/em>\n<\/p>\n<p>\u00a0<iframe loading=\"lazy\" src=\"https:\/\/www.youtube.com\/embed\/3Q9nGPMz-vo\" frameborder=\"0\" width=\"650\" height=\"453\" allowfullscreen=\"allowfullscreen\" allow=\"autoplay; encrypted-media\" style=\"display: block; margin-left: auto; margin-right: auto;\"><\/iframe><\/p>\n","protected":false},"excerpt":{"rendered":"Dal 15 al 21 ottobre si e\u2019 tenuta la 18esima edizione della Settimana della lingua italiana nel mondo. Il tema di quest\u2019anno \u00e8 stato\u201cL&#8217;italiano e la rete, le reti per l&#8217;italiano\u201d, in cui si e\u2019 riflettuto sull\u2019influenza che l\u2019avvento del web e delle nuove tecnologie digitali hanno avuto sia sulla nostra lingua che sulle modalit\u00e0 [&hellip;]","protected":false},"author":1,"featured_media":0,"comment_status":"","ping_status":"","sticky":false,"template":"","format":"standard","meta":{"footnotes":""},"tags":[],"class_list":["post-1014","post","type-post","status-publish","format-standard","hentry"],"_links":{"self":[{"href":"https:\/\/ambalkuwait.esteri.it\/it\/wp-json\/wp\/v2\/posts\/1014","targetHints":{"allow":["GET"]}}],"collection":[{"href":"https:\/\/ambalkuwait.esteri.it\/it\/wp-json\/wp\/v2\/posts"}],"about":[{"href":"https:\/\/ambalkuwait.esteri.it\/it\/wp-json\/wp\/v2\/types\/post"}],"author":[{"embeddable":true,"href":"https:\/\/ambalkuwait.esteri.it\/it\/wp-json\/wp\/v2\/users\/1"}],"replies":[{"embeddable":true,"href":"https:\/\/ambalkuwait.esteri.it\/it\/wp-json\/wp\/v2\/comments?post=1014"}],"version-history":[{"count":0,"href":"https:\/\/ambalkuwait.esteri.it\/it\/wp-json\/wp\/v2\/posts\/1014\/revisions"}],"wp:attachment":[{"href":"https:\/\/ambalkuwait.esteri.it\/it\/wp-json\/wp\/v2\/media?parent=1014"}],"wp:term":[{"taxonomy":"post_tag","embeddable":true,"href":"https:\/\/ambalkuwait.esteri.it\/it\/wp-json\/wp\/v2\/tags?post=1014"}],"curies":[{"name":"wp","href":"https:\/\/api.w.org\/{rel}","templated":true}]}}