{"id":851,"date":"2020-02-13T14:13:04","date_gmt":"2020-02-13T11:13:04","guid":{"rendered":"https:\/\/ambalkuwait.esteri.it\/news\/dall_ambasciata\/2020\/02\/avviso-ai-soggetti-interessati\/"},"modified":"2020-02-13T14:13:04","modified_gmt":"2020-02-13T11:13:04","slug":"avviso-ai-soggetti-interessati","status":"publish","type":"post","link":"https:\/\/ambalkuwait.esteri.it\/it\/news\/dall_ambasciata\/2020\/02\/avviso-ai-soggetti-interessati\/","title":{"rendered":"AVVISO AI SOGGETTI INTERESSATI ALL\u2019ORGANIZZAZIONE DI EVENTI PROMOZIONALI, CULTURALI E SOCIALI PRESSO L\u2019AMBASCIATA D\u2019ITALIA IN KUWAIT."},"content":{"rendered":"<p style=\"text-align: justify;\">Le disposizioni emanate dal Ministero degli Affari Esteri e della Cooperazione Internazionale in materia di autonomia gestionale e finanziaria delle Sedi all\u2019estero nonch\u00e9 la normativa inerente le sponsorizzazioni, permettono di mettere a disposizione di eventuali richiedenti, interessati alla realizzazione di eventi promozionali, culturali e sociali, i saloni di rappresentanza della sede dell\u2019Ambasciata.<\/p>\n<p style=\"text-align: justify;\">L\u2019uso degli spazi verr\u00e0 concesso a insindacabile giudizio dell\u2019Ambasciata, in base a considerazioni di opportunit\u00e0, di corrispondenza dell\u2019evento al programma di presentazione e sostegno del Sistema Italia in Kuwait, nonch\u00e9 in relazione ai carichi di lavoro che gravano in un determinato periodo sull\u2019Ambasciata e all\u2019ovvia precedenza che va riservata agli eventi istituzionali o con la partecipazione di personalit\u00e0 di Governo.<\/p>\n<p style=\"text-align: justify;\">E\u2019 inoltre previsto che l\u2019utilizzazione degli spazi sia soggetta a contributo, per un importo stabilito dalla Sede.<\/p>\n<p style=\"text-align: justify;\">I costi di organizzazione degli eventi, compresi quelli del personale di servizio eventualmente impiegato, ricadono interamente sul soggetto autorizzato ad utilizzare gli spazi.<\/p>\n<p style=\"text-align: justify;\">Il contributo per l\u2019utilizzazione dei locali dell\u2019Ambasciata sar\u00e0 recepito nelle forme previste dalla normativa in vigore e destinato principalmente alle seguenti finalit\u00e0: manutenzione degli immobili, contratti di servizio di durata limitata con agenzie di lavoro interinale; attivit\u00e0 di istituto e spese di funzionamento.<\/p>\n<p style=\"text-align: justify;\">I soggetti interessati sono pregati di inviare una lettera (che potr\u00e0 essere scannerizzata e trasmessa all\u2019indirizzo <a href=\"mailto:amministrazione.alkuwait@esteri.it\">amministrazione.alkuwait@esteri.it<\/a>) con la quale si richiede l\u2019utilizzazione dei locali della Ambasciata e si esprime al contempo la disponibilit\u00e0 ad erogare, in caso di concessione dell\u2019autorizzazione, il contributo di cui sopra, nella misura che verr\u00e0 indicata dall\u2019Ambasciata.<\/p>\n","protected":false},"excerpt":{"rendered":"Le disposizioni emanate dal Ministero degli Affari Esteri e della Cooperazione Internazionale in materia di autonomia gestionale e finanziaria delle Sedi all\u2019estero nonch\u00e9 la normativa inerente le sponsorizzazioni, permettono di mettere a disposizione di eventuali richiedenti, interessati alla realizzazione di eventi promozionali, culturali e sociali, i saloni di rappresentanza della sede dell\u2019Ambasciata. L\u2019uso degli spazi [&hellip;]","protected":false},"author":1,"featured_media":0,"comment_status":"","ping_status":"","sticky":false,"template":"","format":"standard","meta":{"footnotes":""},"tags":[],"class_list":["post-851","post","type-post","status-publish","format-standard","hentry"],"_links":{"self":[{"href":"https:\/\/ambalkuwait.esteri.it\/it\/wp-json\/wp\/v2\/posts\/851","targetHints":{"allow":["GET"]}}],"collection":[{"href":"https:\/\/ambalkuwait.esteri.it\/it\/wp-json\/wp\/v2\/posts"}],"about":[{"href":"https:\/\/ambalkuwait.esteri.it\/it\/wp-json\/wp\/v2\/types\/post"}],"author":[{"embeddable":true,"href":"https:\/\/ambalkuwait.esteri.it\/it\/wp-json\/wp\/v2\/users\/1"}],"replies":[{"embeddable":true,"href":"https:\/\/ambalkuwait.esteri.it\/it\/wp-json\/wp\/v2\/comments?post=851"}],"version-history":[{"count":0,"href":"https:\/\/ambalkuwait.esteri.it\/it\/wp-json\/wp\/v2\/posts\/851\/revisions"}],"wp:attachment":[{"href":"https:\/\/ambalkuwait.esteri.it\/it\/wp-json\/wp\/v2\/media?parent=851"}],"wp:term":[{"taxonomy":"post_tag","embeddable":true,"href":"https:\/\/ambalkuwait.esteri.it\/it\/wp-json\/wp\/v2\/tags?post=851"}],"curies":[{"name":"wp","href":"https:\/\/api.w.org\/{rel}","templated":true}]}}